{"id":718,"date":"2022-11-18T12:14:20","date_gmt":"2022-11-18T11:14:20","guid":{"rendered":"https:\/\/wtxeurope.com\/?p=718"},"modified":"2022-11-18T14:08:08","modified_gmt":"2022-11-18T13:08:08","slug":"blog-2","status":"publish","type":"post","link":"https:\/\/wtxeurope.com\/?p=718","title":{"rendered":"BLOG"},"content":{"rendered":"\n<h2 class=\"wp-block-heading\">R\u00e9parer-r\u00e9utiliser-recycler nos textiles en de nouvelles ressources pr\u00e9cieuses\u00a0\u267b<\/h2>\n\n\n\n<p>Vous vous rappelez&nbsp;? Il y a plusieurs semaines nous avons particip\u00e9 au&nbsp;<a href=\"https:\/\/www.linkedin.com\/feed\/hashtag\/?keywords=refashionday&amp;highlightedUpdateUrns=urn%3Ali%3Aactivity%3A6998945616554770433\">#refashionday<\/a>&nbsp;avec le groupe&nbsp;<a href=\"https:\/\/www.linkedin.com\/company\/refashion-ecoorganisme\/\">Refashion&nbsp;<\/a>.&nbsp;<a href=\"https:\/\/www.linkedin.com\/in\/ACoAAAReVzQB9kaPYKqXQviroPFJaDG4VGapXlE\">Guillaume Blanchoz<\/a>&nbsp;est intervenu afin d\u2019expliquer comment nous avons utilis\u00e9 un textile recycl\u00e9 en un nouveau produit.<\/p>\n\n\n\n<p>Le textile recycl\u00e9 ne se transforme pas uniquement en nouveau textile mais peut aussi devenir un isolant pour votre maison, un mod\u00e8le prometteur pour absorber les 100 milles tonnes annuelles de textiles et chaussures non r\u00e9utilisables. C\u2019est ainsi que nous avons cr\u00e9\u00e9 nos silencieux de VMC \u00e0 partir de jeans r\u00e9cup\u00e9r\u00e9s au relay \ud83d\udc4d<\/p>\n\n\n\n<p>Saviez-vous qu\u2019il existe deux types de recyclages&nbsp;?<\/p>\n\n\n\n<p>\ud83d\udd38&nbsp;Le recyclage en boucle ferm\u00e9e : on d\u00e9construit un v\u00eatement pour cr\u00e9er un nouveau fil recycl\u00e9 qui sera ensuite tiss\u00e9 et utilis\u00e9 dans la fabrication d\u2019un nouveau v\u00eatement.<\/p>\n\n\n\n<p>\ud83d\udd38&nbsp;Le recyclage en boucle ouverte : on r\u00e9utilise les d\u00e9chets d&#8217;une industrie pour en faire la mati\u00e8re premi\u00e8re d&#8217;une autre.<\/p>\n\n\n\n<p>Chez WTX nous avons comme ambition de transformer les d\u00e9chets en ressources. Vous pouvez retrouver nos produits sur notre boutique en ligne \ud83d\udcf2<a href=\"https:\/\/lnkd.in\/e24b96hi\">https:\/\/lnkd.in\/e24b96hi<\/a><\/p>\n\n\n\n<p>\u26a0&nbsp;Attention au greenwashing qui est utilis\u00e9 pour qualifier tout message publicitaire pouvant induire le public en erreur sur la qualit\u00e9 \u00e9cologique r\u00e9elle d\u2019un produit ou d\u2019un service ou sur la r\u00e9alit\u00e9 de la d\u00e9marche d\u00e9veloppement durable d\u2019une organisation.<\/p>\n\n\n\n<p>\ud83c\udfa5 Vous pouvez retrouver le replay sur la chaine YouTube&nbsp;:&nbsp;<a href=\"https:\/\/lnkd.in\/dw79TQWJ\">https:\/\/lnkd.in\/dw79TQWJ<\/a><\/p>\n\n\n\n<p>Et-vous ? Que faites-vous des textiles que vous n\u2019utilisez plus ?<\/p>\n\n\n\n<p><a href=\"https:\/\/www.linkedin.com\/feed\/hashtag\/?keywords=recyclage&amp;highlightedUpdateUrns=urn%3Ali%3Aactivity%3A6998945616554770433\">#recyclage<\/a><a href=\"https:\/\/www.linkedin.com\/feed\/hashtag\/?keywords=%C3%A9coconception&amp;highlightedUpdateUrns=urn%3Ali%3Aactivity%3A6998945616554770433\">#\u00e9coconception<\/a><a href=\"https:\/\/www.linkedin.com\/feed\/hashtag\/?keywords=textilerecycl%C3%A9&amp;highlightedUpdateUrns=urn%3Ali%3Aactivity%3A6998945616554770433\">#textilerecycl\u00e9<\/a><a href=\"https:\/\/www.linkedin.com\/feed\/hashtag\/?keywords=greenwashing&amp;highlightedUpdateUrns=urn%3Ali%3Aactivity%3A6998945616554770433\">#greenwashing<\/a><a href=\"https:\/\/www.linkedin.com\/feed\/hashtag\/?keywords=r%C3%A9g%C3%A9n%C3%A9ration&amp;highlightedUpdateUrns=urn%3Ali%3Aactivity%3A6998945616554770433\">#r\u00e9g\u00e9n\u00e9ration<\/a><\/p>\n\n\n\n<figure class=\"wp-block-gallery has-nested-images columns-default is-cropped wp-block-gallery-1 is-layout-flex wp-block-gallery-is-layout-flex\">\n<figure class=\"wp-block-image size-large\"><img loading=\"lazy\" decoding=\"async\" width=\"1024\" height=\"919\" data-id=\"722\" src=\"https:\/\/wtxeurope.com\/wp-content\/uploads\/2022\/11\/3-1024x919.jpg\" alt=\"\" class=\"wp-image-722\" srcset=\"https:\/\/wtxeurope.com\/wp-content\/uploads\/2022\/11\/3-1024x919.jpg 1024w, https:\/\/wtxeurope.com\/wp-content\/uploads\/2022\/11\/3-300x269.jpg 300w, https:\/\/wtxeurope.com\/wp-content\/uploads\/2022\/11\/3-768x690.jpg 768w, https:\/\/wtxeurope.com\/wp-content\/uploads\/2022\/11\/3-1536x1379.jpg 1536w, https:\/\/wtxeurope.com\/wp-content\/uploads\/2022\/11\/3.jpg 1979w\" sizes=\"auto, (max-width: 1024px) 100vw, 1024px\" \/><\/figure>\n\n\n\n<figure class=\"wp-block-image size-large\"><img loading=\"lazy\" decoding=\"async\" width=\"1024\" height=\"881\" data-id=\"723\" src=\"https:\/\/wtxeurope.com\/wp-content\/uploads\/2022\/11\/4-1024x881.jpg\" alt=\"\" class=\"wp-image-723\" srcset=\"https:\/\/wtxeurope.com\/wp-content\/uploads\/2022\/11\/4-1024x881.jpg 1024w, https:\/\/wtxeurope.com\/wp-content\/uploads\/2022\/11\/4-300x258.jpg 300w, https:\/\/wtxeurope.com\/wp-content\/uploads\/2022\/11\/4-768x661.jpg 768w, https:\/\/wtxeurope.com\/wp-content\/uploads\/2022\/11\/4-1536x1322.jpg 1536w, https:\/\/wtxeurope.com\/wp-content\/uploads\/2022\/11\/4-2048x1762.jpg 2048w\" sizes=\"auto, (max-width: 1024px) 100vw, 1024px\" \/><\/figure>\n\n\n\n<figure class=\"wp-block-image size-large\"><img loading=\"lazy\" decoding=\"async\" width=\"949\" height=\"1024\" data-id=\"724\" src=\"https:\/\/wtxeurope.com\/wp-content\/uploads\/2022\/11\/5-2-949x1024.jpg\" alt=\"\" class=\"wp-image-724\" srcset=\"https:\/\/wtxeurope.com\/wp-content\/uploads\/2022\/11\/5-2-949x1024.jpg 949w, https:\/\/wtxeurope.com\/wp-content\/uploads\/2022\/11\/5-2-278x300.jpg 278w, https:\/\/wtxeurope.com\/wp-content\/uploads\/2022\/11\/5-2-768x829.jpg 768w, https:\/\/wtxeurope.com\/wp-content\/uploads\/2022\/11\/5-2-1423x1536.jpg 1423w, https:\/\/wtxeurope.com\/wp-content\/uploads\/2022\/11\/5-2-1897x2048.jpg 1897w\" sizes=\"auto, (max-width: 949px) 100vw, 949px\" \/><\/figure>\n<\/figure>\n","protected":false},"excerpt":{"rendered":"<p>R\u00e9parer-r\u00e9utiliser-recycler nos textiles en de nouvelles ressources pr\u00e9cieuses\u00a0\u267b Vous vous rappelez&nbsp;? Il y a plusieurs semaines nous avons particip\u00e9 au&nbsp;#refashionday&nbsp;avec le groupe&nbsp;Refashion&nbsp;.&nbsp;Guillaume Blanchoz&nbsp;est intervenu afin d\u2019expliquer comment nous avons utilis\u00e9 un textile recycl\u00e9 en un nouveau produit. Le textile recycl\u00e9 ne se transforme pas uniquement en nouveau textile mais peut aussi devenir un isolant pour &hellip; <a href=\"https:\/\/wtxeurope.com\/?p=718\" class=\"more-link\">Continue reading <span class=\"screen-reader-text\">BLOG<\/span><\/a><\/p>\n","protected":false},"author":1,"featured_media":0,"comment_status":"open","ping_status":"open","sticky":false,"template":"","format":"standard","meta":{"footnotes":""},"categories":[1],"tags":[],"class_list":["post-718","post","type-post","status-publish","format-standard","hentry","category-non-classe"],"_links":{"self":[{"href":"https:\/\/wtxeurope.com\/index.php?rest_route=\/wp\/v2\/posts\/718","targetHints":{"allow":["GET"]}}],"collection":[{"href":"https:\/\/wtxeurope.com\/index.php?rest_route=\/wp\/v2\/posts"}],"about":[{"href":"https:\/\/wtxeurope.com\/index.php?rest_route=\/wp\/v2\/types\/post"}],"author":[{"embeddable":true,"href":"https:\/\/wtxeurope.com\/index.php?rest_route=\/wp\/v2\/users\/1"}],"replies":[{"embeddable":true,"href":"https:\/\/wtxeurope.com\/index.php?rest_route=%2Fwp%2Fv2%2Fcomments&post=718"}],"version-history":[{"count":3,"href":"https:\/\/wtxeurope.com\/index.php?rest_route=\/wp\/v2\/posts\/718\/revisions"}],"predecessor-version":[{"id":726,"href":"https:\/\/wtxeurope.com\/index.php?rest_route=\/wp\/v2\/posts\/718\/revisions\/726"}],"wp:attachment":[{"href":"https:\/\/wtxeurope.com\/index.php?rest_route=%2Fwp%2Fv2%2Fmedia&parent=718"}],"wp:term":[{"taxonomy":"category","embeddable":true,"href":"https:\/\/wtxeurope.com\/index.php?rest_route=%2Fwp%2Fv2%2Fcategories&post=718"},{"taxonomy":"post_tag","embeddable":true,"href":"https:\/\/wtxeurope.com\/index.php?rest_route=%2Fwp%2Fv2%2Ftags&post=718"}],"curies":[{"name":"wp","href":"https:\/\/api.w.org\/{rel}","templated":true}]}}